{"id":445,"date":"2026-02-25T09:44:08","date_gmt":"2026-02-25T09:44:08","guid":{"rendered":"https:\/\/wurmloch.space\/?p=445"},"modified":"2026-02-25T09:49:35","modified_gmt":"2026-02-25T09:49:35","slug":"wurmloch-bands","status":"publish","type":"post","link":"https:\/\/wurmloch.space\/index.php\/2026\/02\/25\/wurmloch-bands\/","title":{"rendered":"Sechs Bands f\u00fcr das Wurmloch Festival 2026 stehen fest!"},"content":{"rendered":"\n<p>Das Line-Up f\u00fcr das Wurmloch Festival am 14. und 15. August 2026 nimmt immer mehr Gestalt an. Sechs Acts stehen bereits fest und es kann jetzt schon verraten werden: die Mischung wird gro\u00dfartig.<\/p>\n\n\n\n<div style=\"height:30px\" aria-hidden=\"true\" class=\"wp-block-spacer\"><\/div>\n\n\n\n<p><\/p>\n\n\n\n<p>Den Anfang machen <a href=\"https:\/\/wurmloch.space\/index.php\/quiet-girl\/\">Quiet Girl<\/a> aus L\u00fcbeck. Die Band steht f\u00fcr energiegeladenen Rock und l\u00e4sst sich von Vorurteilen und Stereotypen nicht einsch\u00fcchtern. Mit ihrer Musik wollen sie junge Frauen inspirieren, f\u00fcr ihre Tr\u00e4ume zu k\u00e4mpfen. Wer sie zum Beispiel schon bei der Kieler Woche erlebt hat, wei\u00df: alles andere als leise sind sie trotz des Namens.<\/p>\n\n\n\n<div style=\"height:30px\" aria-hidden=\"true\" class=\"wp-block-spacer\"><\/div>\n\n\n\n<p><\/p>\n\n\n\n<p>Ebenfalls dabei sind <a href=\"https:\/\/wurmloch.space\/index.php\/peters-beine\/\">Peters Beine<\/a>, die aus halb Norddeutschland zusammengefunden haben und mit deutschen Texten f\u00fcr Musik mit Herz und Hirn stehen. Ehrlich, nahbar und klug, und mit einer Mucke, zu der sich unter dem Sternenhimmel auf der Alpakawiese wunderbar tanzen l\u00e4sst. Dass sie auf der handverlesenen Playlist von Olli Schulz und Jan B\u00f6hmermann gelandet sind, sagt eigentlich schon alles.<\/p>\n\n\n\n<div style=\"height:30px\" aria-hidden=\"true\" class=\"wp-block-spacer\"><\/div>\n\n\n\n<p><\/p>\n\n\n\n<p><a href=\"https:\/\/wurmloch.space\/index.php\/pastor-gerald\/\">Pastor Gerald<\/a> bringen den Punk mit. Warm und sonnig, aber auch mal kalt und windig, filigran und melodisch, manchmal derb und frech. Inhaltlich wird es gerne kritisch, ohne dass der Humor dabei zu kurz kommt. Wenn Punk eine Religion ist, sind Pastor Gerald seine Missionare und jeder ihrer Auftritte eine sakrale Pogoparty. Wir sind gespannt!<\/p>\n\n\n\n<div style=\"height:30px\" aria-hidden=\"true\" class=\"wp-block-spacer\"><\/div>\n\n\n\n<p><\/p>\n\n\n\n<p><a href=\"https:\/\/wurmloch.space\/index.php\/no-sugar\/\">No Sugar<\/a> aus Hamburg rufen zum Last Call! Mit ihrem aktuellen Album besch\u00e4ftigt sich die Band nicht nur mit der letzten Thekenrunde, sondern zeigt die Dringlichkeit gesellschaftlicher und \u00f6kologischer Krisen auf. Diskriminierung, Klimawandelleugnung, das Erstarken rechter Kr\u00e4fte in Europa: No Sugar sagen, was gesagt werden muss und sorgen dabei f\u00fcr einen solidarischen Moshpit.<\/p>\n\n\n\n<div style=\"height:30px\" aria-hidden=\"true\" class=\"wp-block-spacer\"><\/div>\n\n\n\n<p><\/p>\n\n\n\n<p><a href=\"https:\/\/wurmloch.space\/index.php\/vin-violet\/\">Vin Violet<\/a> aus Kiel sind ebenfalls mit dabei! Die Newcomer-Band aus der Landeshauptstadt verbindet melodische Indie-Gitarren mit derben Punk und bringt eine Menge Energie mit. Sie haben Bock, wir haben Bock, und wir sind sicher, ihr auch!<\/p>\n\n\n\n<div style=\"height:30px\" aria-hidden=\"true\" class=\"wp-block-spacer\"><\/div>\n\n\n\n<p><\/p>\n\n\n\n<p>Und als besonderes Highlight freuen wir uns ganz besonders auf <a href=\"https:\/\/wurmloch.space\/index.php\/pay-pandora\/\">Pay Pandora<\/a>, die direkt aus der Region kommen und damit beweisen, dass gro\u00dfartige Rockmusik manchmal n\u00e4her ist als man denkt. Der Geist der 70er und 80er trifft auf modernen Heavy Rock, und Frontfrau Chiara Tahnee, 2016 zur besten Nachwuchss\u00e4ngerin Deutschlands gek\u00fcrt, bringt eine Stimme mit, die man so schnell nicht vergisst. Nach einer kreativen Pause melden sie sich zur\u00fcck, lauter, reifer und mit frischer Energie. Wir k\u00f6nnen es kaum erwarten!<\/p>\n\n\n\n<div style=\"height:30px\" aria-hidden=\"true\" class=\"wp-block-spacer\"><\/div>\n\n\n\n<p><\/p>\n\n\n\n<p>Das wird ein Wochenende, auf das man sich freuen darf. Tickets sind bereits erh\u00e4ltlich!<\/p>\n","protected":false},"excerpt":{"rendered":"<p>Das Line-Up f\u00fcr das Wurmloch Festival am 14. und 15. August 2026 nimmt immer mehr Gestalt an. Sechs Acts stehen bereits fest und es kann jetzt schon verraten werden: die Mischung wird gro\u00dfartig. Den Anfang machen Quiet Girl aus L\u00fcbeck. Die Band steht f\u00fcr energiegeladenen Rock und l\u00e4sst sich von Vorurteilen und Stereotypen nicht einsch\u00fcchtern. [&hellip;]<\/p>\n","protected":false},"author":1,"featured_media":446,"comment_status":"open","ping_status":"open","sticky":false,"template":"","format":"standard","meta":{"_vp_format_video_url":"","_vp_image_focal_point":[],"footnotes":""},"categories":[1],"tags":[],"class_list":["post-445","post","type-post","status-publish","format-standard","has-post-thumbnail","hentry","category-uncategorized"],"yoast_head":"<!-- This site is optimized with the Yoast SEO plugin v27.4 - https:\/\/yoast.com\/product\/yoast-seo-wordpress\/ -->\n<title>Sechs Bands f\u00fcr das Wurmloch Festival 2026 stehen fest! - Wurmloch<\/title>\n<meta name=\"description\" content=\"Das Line-Up f\u00fcr das Wurmloch Festival am 14. und 15. August 2026 nimmt immer mehr Gestalt an. Sechs Acts stehen bereits fest: die Mischung wird gro\u00dfartig.\" \/>\n<meta name=\"robots\" content=\"index, follow, max-snippet:-1, max-image-preview:large, max-video-preview:-1\" \/>\n<link rel=\"canonical\" href=\"https:\/\/wurmloch.space\/index.php\/2026\/02\/25\/wurmloch-bands\/\" \/>\n<meta property=\"og:locale\" content=\"de_DE\" \/>\n<meta property=\"og:type\" content=\"article\" \/>\n<meta property=\"og:title\" content=\"Sechs Bands f\u00fcr das Wurmloch Festival 2026 stehen fest! - Wurmloch\" \/>\n<meta property=\"og:description\" content=\"Das Line-Up f\u00fcr das Wurmloch Festival am 14. und 15. August 2026 nimmt immer mehr Gestalt an. Sechs Acts stehen bereits fest: die Mischung wird gro\u00dfartig.\" \/>\n<meta property=\"og:url\" content=\"https:\/\/wurmloch.space\/index.php\/2026\/02\/25\/wurmloch-bands\/\" \/>\n<meta property=\"og:site_name\" content=\"Wurmloch\" \/>\n<meta property=\"article:published_time\" content=\"2026-02-25T09:44:08+00:00\" \/>\n<meta property=\"article:modified_time\" content=\"2026-02-25T09:49:35+00:00\" \/>\n<meta property=\"og:image\" content=\"https:\/\/wurmloch.space\/wp-content\/uploads\/2026\/02\/Bildschirmfoto-2026-02-25-um-10.30.46.jpg\" \/>\n\t<meta property=\"og:image:width\" content=\"2188\" \/>\n\t<meta property=\"og:image:height\" content=\"1406\" \/>\n\t<meta property=\"og:image:type\" content=\"image\/jpeg\" \/>\n<meta name=\"author\" content=\"admin\" \/>\n<meta name=\"twitter:card\" content=\"summary_large_image\" \/>\n<meta name=\"twitter:label1\" content=\"Verfasst von\" \/>\n\t<meta name=\"twitter:data1\" content=\"admin\" \/>\n\t<meta name=\"twitter:label2\" content=\"Gesch\u00e4tzte Lesezeit\" \/>\n\t<meta name=\"twitter:data2\" content=\"3\u00a0Minuten\" \/>\n<script type=\"application\/ld+json\" class=\"yoast-schema-graph\">{\"@context\":\"https:\\\/\\\/schema.org\",\"@graph\":[{\"@type\":\"Article\",\"@id\":\"https:\\\/\\\/wurmloch.space\\\/index.php\\\/2026\\\/02\\\/25\\\/wurmloch-bands\\\/#article\",\"isPartOf\":{\"@id\":\"https:\\\/\\\/wurmloch.space\\\/index.php\\\/2026\\\/02\\\/25\\\/wurmloch-bands\\\/\"},\"author\":{\"name\":\"admin\",\"@id\":\"https:\\\/\\\/wurmloch.space\\\/#\\\/schema\\\/person\\\/a9dbacc85cc2484822bdad5bbeac4e9d\"},\"headline\":\"Sechs Bands f\u00fcr das Wurmloch Festival 2026 stehen fest!\",\"datePublished\":\"2026-02-25T09:44:08+00:00\",\"dateModified\":\"2026-02-25T09:49:35+00:00\",\"mainEntityOfPage\":{\"@id\":\"https:\\\/\\\/wurmloch.space\\\/index.php\\\/2026\\\/02\\\/25\\\/wurmloch-bands\\\/\"},\"wordCount\":415,\"commentCount\":0,\"publisher\":{\"@id\":\"https:\\\/\\\/wurmloch.space\\\/#organization\"},\"image\":{\"@id\":\"https:\\\/\\\/wurmloch.space\\\/index.php\\\/2026\\\/02\\\/25\\\/wurmloch-bands\\\/#primaryimage\"},\"thumbnailUrl\":\"https:\\\/\\\/wurmloch.space\\\/wp-content\\\/uploads\\\/2026\\\/02\\\/Bildschirmfoto-2026-02-25-um-10.30.46.jpg\",\"articleSection\":[\"Uncategorized\"],\"inLanguage\":\"de\",\"potentialAction\":[{\"@type\":\"CommentAction\",\"name\":\"Comment\",\"target\":[\"https:\\\/\\\/wurmloch.space\\\/index.php\\\/2026\\\/02\\\/25\\\/wurmloch-bands\\\/#respond\"]}]},{\"@type\":\"WebPage\",\"@id\":\"https:\\\/\\\/wurmloch.space\\\/index.php\\\/2026\\\/02\\\/25\\\/wurmloch-bands\\\/\",\"url\":\"https:\\\/\\\/wurmloch.space\\\/index.php\\\/2026\\\/02\\\/25\\\/wurmloch-bands\\\/\",\"name\":\"Sechs Bands f\u00fcr das Wurmloch Festival 2026 stehen fest! - Wurmloch\",\"isPartOf\":{\"@id\":\"https:\\\/\\\/wurmloch.space\\\/#website\"},\"primaryImageOfPage\":{\"@id\":\"https:\\\/\\\/wurmloch.space\\\/index.php\\\/2026\\\/02\\\/25\\\/wurmloch-bands\\\/#primaryimage\"},\"image\":{\"@id\":\"https:\\\/\\\/wurmloch.space\\\/index.php\\\/2026\\\/02\\\/25\\\/wurmloch-bands\\\/#primaryimage\"},\"thumbnailUrl\":\"https:\\\/\\\/wurmloch.space\\\/wp-content\\\/uploads\\\/2026\\\/02\\\/Bildschirmfoto-2026-02-25-um-10.30.46.jpg\",\"datePublished\":\"2026-02-25T09:44:08+00:00\",\"dateModified\":\"2026-02-25T09:49:35+00:00\",\"description\":\"Das Line-Up f\u00fcr das Wurmloch Festival am 14. und 15. August 2026 nimmt immer mehr Gestalt an. Sechs Acts stehen bereits fest: die Mischung wird gro\u00dfartig.\",\"breadcrumb\":{\"@id\":\"https:\\\/\\\/wurmloch.space\\\/index.php\\\/2026\\\/02\\\/25\\\/wurmloch-bands\\\/#breadcrumb\"},\"inLanguage\":\"de\",\"potentialAction\":[{\"@type\":\"ReadAction\",\"target\":[\"https:\\\/\\\/wurmloch.space\\\/index.php\\\/2026\\\/02\\\/25\\\/wurmloch-bands\\\/\"]}]},{\"@type\":\"ImageObject\",\"inLanguage\":\"de\",\"@id\":\"https:\\\/\\\/wurmloch.space\\\/index.php\\\/2026\\\/02\\\/25\\\/wurmloch-bands\\\/#primaryimage\",\"url\":\"https:\\\/\\\/wurmloch.space\\\/wp-content\\\/uploads\\\/2026\\\/02\\\/Bildschirmfoto-2026-02-25-um-10.30.46.jpg\",\"contentUrl\":\"https:\\\/\\\/wurmloch.space\\\/wp-content\\\/uploads\\\/2026\\\/02\\\/Bildschirmfoto-2026-02-25-um-10.30.46.jpg\",\"width\":2188,\"height\":1406,\"caption\":\"Die ersten 6 Bands stehen fest!\"},{\"@type\":\"BreadcrumbList\",\"@id\":\"https:\\\/\\\/wurmloch.space\\\/index.php\\\/2026\\\/02\\\/25\\\/wurmloch-bands\\\/#breadcrumb\",\"itemListElement\":[{\"@type\":\"ListItem\",\"position\":1,\"name\":\"Startseite\",\"item\":\"https:\\\/\\\/wurmloch.space\\\/\"},{\"@type\":\"ListItem\",\"position\":2,\"name\":\"Sechs Bands f\u00fcr das Wurmloch Festival 2026 stehen fest!\"}]},{\"@type\":\"WebSite\",\"@id\":\"https:\\\/\\\/wurmloch.space\\\/#website\",\"url\":\"https:\\\/\\\/wurmloch.space\\\/\",\"name\":\"Wurmloch Festival\",\"description\":\"\",\"publisher\":{\"@id\":\"https:\\\/\\\/wurmloch.space\\\/#organization\"},\"alternateName\":\"Wurmloch Festival in Dithmarschen\",\"potentialAction\":[{\"@type\":\"SearchAction\",\"target\":{\"@type\":\"EntryPoint\",\"urlTemplate\":\"https:\\\/\\\/wurmloch.space\\\/?s={search_term_string}\"},\"query-input\":{\"@type\":\"PropertyValueSpecification\",\"valueRequired\":true,\"valueName\":\"search_term_string\"}}],\"inLanguage\":\"de\"},{\"@type\":\"Organization\",\"@id\":\"https:\\\/\\\/wurmloch.space\\\/#organization\",\"name\":\"Wurmloch Festival\",\"url\":\"https:\\\/\\\/wurmloch.space\\\/\",\"logo\":{\"@type\":\"ImageObject\",\"inLanguage\":\"de\",\"@id\":\"https:\\\/\\\/wurmloch.space\\\/#\\\/schema\\\/logo\\\/image\\\/\",\"url\":\"https:\\\/\\\/wurmloch.space\\\/wp-content\\\/uploads\\\/2025\\\/12\\\/Wurmloch-Logo-glatte-Konturen-rgb.png\",\"contentUrl\":\"https:\\\/\\\/wurmloch.space\\\/wp-content\\\/uploads\\\/2025\\\/12\\\/Wurmloch-Logo-glatte-Konturen-rgb.png\",\"width\":1910,\"height\":474,\"caption\":\"Wurmloch Festival\"},\"image\":{\"@id\":\"https:\\\/\\\/wurmloch.space\\\/#\\\/schema\\\/logo\\\/image\\\/\"},\"sameAs\":[\"https:\\\/\\\/www.instagram.com\\\/wurmlochfestival\\\/\"]},{\"@type\":\"Person\",\"@id\":\"https:\\\/\\\/wurmloch.space\\\/#\\\/schema\\\/person\\\/a9dbacc85cc2484822bdad5bbeac4e9d\",\"name\":\"admin\",\"image\":{\"@type\":\"ImageObject\",\"inLanguage\":\"de\",\"@id\":\"https:\\\/\\\/secure.gravatar.com\\\/avatar\\\/964c38e9ef927fec53e2eb334cce12590858f981a1f66cdc00c13237b2828eb7?s=96&d=mm&r=g\",\"url\":\"https:\\\/\\\/secure.gravatar.com\\\/avatar\\\/964c38e9ef927fec53e2eb334cce12590858f981a1f66cdc00c13237b2828eb7?s=96&d=mm&r=g\",\"contentUrl\":\"https:\\\/\\\/secure.gravatar.com\\\/avatar\\\/964c38e9ef927fec53e2eb334cce12590858f981a1f66cdc00c13237b2828eb7?s=96&d=mm&r=g\",\"caption\":\"admin\"},\"sameAs\":[\"https:\\\/\\\/wurmloch.space\"],\"url\":\"https:\\\/\\\/wurmloch.space\\\/index.php\\\/author\\\/admin\\\/\"}]}<\/script>\n<!-- \/ Yoast SEO plugin. -->","yoast_head_json":{"title":"Sechs Bands f\u00fcr das Wurmloch Festival 2026 stehen fest! - Wurmloch","description":"Das Line-Up f\u00fcr das Wurmloch Festival am 14. und 15. August 2026 nimmt immer mehr Gestalt an. Sechs Acts stehen bereits fest: die Mischung wird gro\u00dfartig.","robots":{"index":"index","follow":"follow","max-snippet":"max-snippet:-1","max-image-preview":"max-image-preview:large","max-video-preview":"max-video-preview:-1"},"canonical":"https:\/\/wurmloch.space\/index.php\/2026\/02\/25\/wurmloch-bands\/","og_locale":"de_DE","og_type":"article","og_title":"Sechs Bands f\u00fcr das Wurmloch Festival 2026 stehen fest! - Wurmloch","og_description":"Das Line-Up f\u00fcr das Wurmloch Festival am 14. und 15. August 2026 nimmt immer mehr Gestalt an. Sechs Acts stehen bereits fest: die Mischung wird gro\u00dfartig.","og_url":"https:\/\/wurmloch.space\/index.php\/2026\/02\/25\/wurmloch-bands\/","og_site_name":"Wurmloch","article_published_time":"2026-02-25T09:44:08+00:00","article_modified_time":"2026-02-25T09:49:35+00:00","og_image":[{"width":2188,"height":1406,"url":"https:\/\/wurmloch.space\/wp-content\/uploads\/2026\/02\/Bildschirmfoto-2026-02-25-um-10.30.46.jpg","type":"image\/jpeg"}],"author":"admin","twitter_card":"summary_large_image","twitter_misc":{"Verfasst von":"admin","Gesch\u00e4tzte Lesezeit":"3\u00a0Minuten"},"schema":{"@context":"https:\/\/schema.org","@graph":[{"@type":"Article","@id":"https:\/\/wurmloch.space\/index.php\/2026\/02\/25\/wurmloch-bands\/#article","isPartOf":{"@id":"https:\/\/wurmloch.space\/index.php\/2026\/02\/25\/wurmloch-bands\/"},"author":{"name":"admin","@id":"https:\/\/wurmloch.space\/#\/schema\/person\/a9dbacc85cc2484822bdad5bbeac4e9d"},"headline":"Sechs Bands f\u00fcr das Wurmloch Festival 2026 stehen fest!","datePublished":"2026-02-25T09:44:08+00:00","dateModified":"2026-02-25T09:49:35+00:00","mainEntityOfPage":{"@id":"https:\/\/wurmloch.space\/index.php\/2026\/02\/25\/wurmloch-bands\/"},"wordCount":415,"commentCount":0,"publisher":{"@id":"https:\/\/wurmloch.space\/#organization"},"image":{"@id":"https:\/\/wurmloch.space\/index.php\/2026\/02\/25\/wurmloch-bands\/#primaryimage"},"thumbnailUrl":"https:\/\/wurmloch.space\/wp-content\/uploads\/2026\/02\/Bildschirmfoto-2026-02-25-um-10.30.46.jpg","articleSection":["Uncategorized"],"inLanguage":"de","potentialAction":[{"@type":"CommentAction","name":"Comment","target":["https:\/\/wurmloch.space\/index.php\/2026\/02\/25\/wurmloch-bands\/#respond"]}]},{"@type":"WebPage","@id":"https:\/\/wurmloch.space\/index.php\/2026\/02\/25\/wurmloch-bands\/","url":"https:\/\/wurmloch.space\/index.php\/2026\/02\/25\/wurmloch-bands\/","name":"Sechs Bands f\u00fcr das Wurmloch Festival 2026 stehen fest! - Wurmloch","isPartOf":{"@id":"https:\/\/wurmloch.space\/#website"},"primaryImageOfPage":{"@id":"https:\/\/wurmloch.space\/index.php\/2026\/02\/25\/wurmloch-bands\/#primaryimage"},"image":{"@id":"https:\/\/wurmloch.space\/index.php\/2026\/02\/25\/wurmloch-bands\/#primaryimage"},"thumbnailUrl":"https:\/\/wurmloch.space\/wp-content\/uploads\/2026\/02\/Bildschirmfoto-2026-02-25-um-10.30.46.jpg","datePublished":"2026-02-25T09:44:08+00:00","dateModified":"2026-02-25T09:49:35+00:00","description":"Das Line-Up f\u00fcr das Wurmloch Festival am 14. und 15. August 2026 nimmt immer mehr Gestalt an. Sechs Acts stehen bereits fest: die Mischung wird gro\u00dfartig.","breadcrumb":{"@id":"https:\/\/wurmloch.space\/index.php\/2026\/02\/25\/wurmloch-bands\/#breadcrumb"},"inLanguage":"de","potentialAction":[{"@type":"ReadAction","target":["https:\/\/wurmloch.space\/index.php\/2026\/02\/25\/wurmloch-bands\/"]}]},{"@type":"ImageObject","inLanguage":"de","@id":"https:\/\/wurmloch.space\/index.php\/2026\/02\/25\/wurmloch-bands\/#primaryimage","url":"https:\/\/wurmloch.space\/wp-content\/uploads\/2026\/02\/Bildschirmfoto-2026-02-25-um-10.30.46.jpg","contentUrl":"https:\/\/wurmloch.space\/wp-content\/uploads\/2026\/02\/Bildschirmfoto-2026-02-25-um-10.30.46.jpg","width":2188,"height":1406,"caption":"Die ersten 6 Bands stehen fest!"},{"@type":"BreadcrumbList","@id":"https:\/\/wurmloch.space\/index.php\/2026\/02\/25\/wurmloch-bands\/#breadcrumb","itemListElement":[{"@type":"ListItem","position":1,"name":"Startseite","item":"https:\/\/wurmloch.space\/"},{"@type":"ListItem","position":2,"name":"Sechs Bands f\u00fcr das Wurmloch Festival 2026 stehen fest!"}]},{"@type":"WebSite","@id":"https:\/\/wurmloch.space\/#website","url":"https:\/\/wurmloch.space\/","name":"Wurmloch Festival","description":"","publisher":{"@id":"https:\/\/wurmloch.space\/#organization"},"alternateName":"Wurmloch Festival in Dithmarschen","potentialAction":[{"@type":"SearchAction","target":{"@type":"EntryPoint","urlTemplate":"https:\/\/wurmloch.space\/?s={search_term_string}"},"query-input":{"@type":"PropertyValueSpecification","valueRequired":true,"valueName":"search_term_string"}}],"inLanguage":"de"},{"@type":"Organization","@id":"https:\/\/wurmloch.space\/#organization","name":"Wurmloch Festival","url":"https:\/\/wurmloch.space\/","logo":{"@type":"ImageObject","inLanguage":"de","@id":"https:\/\/wurmloch.space\/#\/schema\/logo\/image\/","url":"https:\/\/wurmloch.space\/wp-content\/uploads\/2025\/12\/Wurmloch-Logo-glatte-Konturen-rgb.png","contentUrl":"https:\/\/wurmloch.space\/wp-content\/uploads\/2025\/12\/Wurmloch-Logo-glatte-Konturen-rgb.png","width":1910,"height":474,"caption":"Wurmloch Festival"},"image":{"@id":"https:\/\/wurmloch.space\/#\/schema\/logo\/image\/"},"sameAs":["https:\/\/www.instagram.com\/wurmlochfestival\/"]},{"@type":"Person","@id":"https:\/\/wurmloch.space\/#\/schema\/person\/a9dbacc85cc2484822bdad5bbeac4e9d","name":"admin","image":{"@type":"ImageObject","inLanguage":"de","@id":"https:\/\/secure.gravatar.com\/avatar\/964c38e9ef927fec53e2eb334cce12590858f981a1f66cdc00c13237b2828eb7?s=96&d=mm&r=g","url":"https:\/\/secure.gravatar.com\/avatar\/964c38e9ef927fec53e2eb334cce12590858f981a1f66cdc00c13237b2828eb7?s=96&d=mm&r=g","contentUrl":"https:\/\/secure.gravatar.com\/avatar\/964c38e9ef927fec53e2eb334cce12590858f981a1f66cdc00c13237b2828eb7?s=96&d=mm&r=g","caption":"admin"},"sameAs":["https:\/\/wurmloch.space"],"url":"https:\/\/wurmloch.space\/index.php\/author\/admin\/"}]}},"rttpg_featured_image_url":{"full":["https:\/\/wurmloch.space\/wp-content\/uploads\/2026\/02\/Bildschirmfoto-2026-02-25-um-10.30.46.jpg",2188,1406,false],"landscape":["https:\/\/wurmloch.space\/wp-content\/uploads\/2026\/02\/Bildschirmfoto-2026-02-25-um-10.30.46.jpg",2188,1406,false],"portraits":["https:\/\/wurmloch.space\/wp-content\/uploads\/2026\/02\/Bildschirmfoto-2026-02-25-um-10.30.46.jpg",2188,1406,false],"thumbnail":["https:\/\/wurmloch.space\/wp-content\/uploads\/2026\/02\/Bildschirmfoto-2026-02-25-um-10.30.46-150x150.jpg",150,150,true],"medium":["https:\/\/wurmloch.space\/wp-content\/uploads\/2026\/02\/Bildschirmfoto-2026-02-25-um-10.30.46-300x193.jpg",300,193,true],"large":["https:\/\/wurmloch.space\/wp-content\/uploads\/2026\/02\/Bildschirmfoto-2026-02-25-um-10.30.46-1024x658.jpg",1024,658,true],"1536x1536":["https:\/\/wurmloch.space\/wp-content\/uploads\/2026\/02\/Bildschirmfoto-2026-02-25-um-10.30.46-1536x987.jpg",1536,987,true],"2048x2048":["https:\/\/wurmloch.space\/wp-content\/uploads\/2026\/02\/Bildschirmfoto-2026-02-25-um-10.30.46-2048x1316.jpg",2048,1316,true],"vp_sm":["https:\/\/wurmloch.space\/wp-content\/uploads\/2026\/02\/Bildschirmfoto-2026-02-25-um-10.30.46-500x321.jpg",500,321,true],"vp_md":["https:\/\/wurmloch.space\/wp-content\/uploads\/2026\/02\/Bildschirmfoto-2026-02-25-um-10.30.46-800x514.jpg",800,514,true],"vp_lg":["https:\/\/wurmloch.space\/wp-content\/uploads\/2026\/02\/Bildschirmfoto-2026-02-25-um-10.30.46-1280x823.jpg",1280,823,true],"vp_xl":["https:\/\/wurmloch.space\/wp-content\/uploads\/2026\/02\/Bildschirmfoto-2026-02-25-um-10.30.46-1920x1234.jpg",1920,1234,true],"vp_sm_popup":["https:\/\/wurmloch.space\/wp-content\/uploads\/2026\/02\/Bildschirmfoto-2026-02-25-um-10.30.46-500x321.jpg",500,321,true],"vp_md_popup":["https:\/\/wurmloch.space\/wp-content\/uploads\/2026\/02\/Bildschirmfoto-2026-02-25-um-10.30.46-800x514.jpg",800,514,true],"vp_xl_popup":["https:\/\/wurmloch.space\/wp-content\/uploads\/2026\/02\/Bildschirmfoto-2026-02-25-um-10.30.46-1920x1234.jpg",1920,1234,true]},"rttpg_author":{"display_name":"admin","author_link":"https:\/\/wurmloch.space\/index.php\/author\/admin\/"},"rttpg_comment":0,"rttpg_category":"<a href=\"https:\/\/wurmloch.space\/index.php\/category\/uncategorized\/\" rel=\"category tag\">Uncategorized<\/a>","rttpg_excerpt":"Das Line-Up f\u00fcr das Wurmloch Festival am 14. und 15. August 2026 nimmt immer mehr Gestalt an. Sechs Acts stehen bereits fest und es kann jetzt schon verraten werden: die Mischung wird gro\u00dfartig. Den Anfang machen Quiet Girl aus L\u00fcbeck. Die Band steht f\u00fcr energiegeladenen Rock und l\u00e4sst sich von Vorurteilen und Stereotypen nicht einsch\u00fcchtern.&hellip;","_links":{"self":[{"href":"https:\/\/wurmloch.space\/index.php\/wp-json\/wp\/v2\/posts\/445","targetHints":{"allow":["GET"]}}],"collection":[{"href":"https:\/\/wurmloch.space\/index.php\/wp-json\/wp\/v2\/posts"}],"about":[{"href":"https:\/\/wurmloch.space\/index.php\/wp-json\/wp\/v2\/types\/post"}],"author":[{"embeddable":true,"href":"https:\/\/wurmloch.space\/index.php\/wp-json\/wp\/v2\/users\/1"}],"replies":[{"embeddable":true,"href":"https:\/\/wurmloch.space\/index.php\/wp-json\/wp\/v2\/comments?post=445"}],"version-history":[{"count":3,"href":"https:\/\/wurmloch.space\/index.php\/wp-json\/wp\/v2\/posts\/445\/revisions"}],"predecessor-version":[{"id":449,"href":"https:\/\/wurmloch.space\/index.php\/wp-json\/wp\/v2\/posts\/445\/revisions\/449"}],"wp:featuredmedia":[{"embeddable":true,"href":"https:\/\/wurmloch.space\/index.php\/wp-json\/wp\/v2\/media\/446"}],"wp:attachment":[{"href":"https:\/\/wurmloch.space\/index.php\/wp-json\/wp\/v2\/media?parent=445"}],"wp:term":[{"taxonomy":"category","embeddable":true,"href":"https:\/\/wurmloch.space\/index.php\/wp-json\/wp\/v2\/categories?post=445"},{"taxonomy":"post_tag","embeddable":true,"href":"https:\/\/wurmloch.space\/index.php\/wp-json\/wp\/v2\/tags?post=445"}],"curies":[{"name":"wp","href":"https:\/\/api.w.org\/{rel}","templated":true}]}}