{"id":420,"date":"2026-01-24T09:22:16","date_gmt":"2026-01-24T09:22:16","guid":{"rendered":"https:\/\/wurmloch.space\/?p=420"},"modified":"2026-02-25T09:22:48","modified_gmt":"2026-02-25T09:22:48","slug":"wurmloch-festival-in-dithmarschen-jahreshauptversammlung","status":"publish","type":"post","link":"https:\/\/wurmloch.space\/index.php\/2026\/01\/24\/wurmloch-festival-in-dithmarschen-jahreshauptversammlung\/","title":{"rendered":"Erste Jahreshauptversammlung: Wurmloch e.V. blickt optimistisch nach vorne"},"content":{"rendered":"\n<p>Am 23. Januar 2026 fand die erste Jahreshauptversammlung des Wurmloch e.V. statt. Ein besonderer Meilenstein, denn es war die erste JHV seit der Vereinsgr\u00fcndung. Und die Bilanz kann sich wirklich sehen lassen: Nach einem Jahr steht der Verein besser da und die Vorfreude auf das, was noch kommt, ist bei allen Beteiligten deutlich zu sp\u00fcren.<\/p>\n\n\n\n<div style=\"height:30px\" aria-hidden=\"true\" class=\"wp-block-spacer\"><\/div>\n\n\n\n<p>Das erste Festival als gemeinn\u00fctziger Verein war 2025 ein voller Erfolg. Die Stimmung auf der Alpakawiese in Krumstedt war ausgelassen, die B\u00fchne bespielt von gro\u00dfartigen K\u00fcnstler*innen, und das Publikum begeistert. Besonders gefreut hat sich der Vorstand dar\u00fcber, dass so viele Menschen aus der Region und vor allem aus Krumstedt selbst den Weg zum Festival gefunden haben. Das zeigt, dass das Wurmloch nicht nur ein Festival ist, sondern sich auch als Teil der lokalen Gemeinschaft versteht. Ein herzlicher Dank gilt allen Bands, allen k\u00fcnstlerischen Acts und den Sponsoren, ohne die ein solches Ereignis schlicht nicht m\u00f6glich w\u00e4re.<\/p>\n\n\n\n<div style=\"height:30px\" aria-hidden=\"true\" class=\"wp-block-spacer\"><\/div>\n\n\n\n<p>Doch nach dem Wurmloch ist vor dem Wurmloch. Die Vorbereitungen f\u00fcr 2026 laufen l\u00e4ngst auf Hochtouren und der Enthusiasmus in der Crew ist gr\u00f6\u00dfer denn je. Das Line-Up f\u00fcllt sich kontinuierlich, am Festivalgel\u00e4nde wird bereits flei\u00dfig gebaut und Ende 2025 wurde au\u00dferdem eine neue Website gelauncht, die das Wurmloch Festival noch besser nach au\u00dfen repr\u00e4sentiert. Auch der Ticketverkauf ist bereits gestartet.<\/p>\n\n\n\n<div style=\"height:30px\" aria-hidden=\"true\" class=\"wp-block-spacer\"><\/div>\n\n\n\n<p>Besonders erfreulich ist, dass der Verein in diesem Jahr deutlich gewachsen ist. Mehr Mitglieder bedeuten mehr ehrenamtliche H\u00e4nde, mehr Ideen und mehr Energie f\u00fcr das Festival. Vorsitzender Jan-Henrik Buhr bringt es auf den Punkt: \u201eDas kommende Festival wird allein deswegen schon besser und gr\u00f6\u00dfer, weil wir viel mehr ehrenamtliche Kr\u00e4fte haben, um das alles zu wuppen.&#8220;<\/p>\n\n\n\n<div style=\"height:30px\" aria-hidden=\"true\" class=\"wp-block-spacer\"><\/div>\n\n\n\n<p>Ein ganz besonderes Highlight f\u00fcr 2026 ist die Entscheidung des Vereins, eine 50% FLINTA*-Quote auf der B\u00fchne einzuf\u00fchren. Das bedeutet, dass die H\u00e4lfte aller Personen, die beim Wurmloch Festival auf der B\u00fchne stehen werden, nicht m\u00e4nnlich sein wird. Damit setzt der Verein ein klares Zeichen f\u00fcr mehr Diversit\u00e4t und Sichtbarkeit in der Musikbranche. Jan-Henrik Buhr erkl\u00e4rt dazu: \u201eNeben der au\u00dfergew\u00f6hnlichen Location auf einer Alpakawiese und unserem Indie-DIY-Charakter wird unser Festival sich auch durch die Diversit\u00e4t auf der B\u00fchne von anderen Festivals im Bundesgebiet abheben.&#8220; Eine Haltung, die nicht nur gut klingt, sondern auch konsequent umgesetzt wird.<\/p>\n\n\n\n<div style=\"height:30px\" aria-hidden=\"true\" class=\"wp-block-spacer\"><\/div>\n\n\n\n<p>Das Wurmloch Festival steht f\u00fcr offene Arme, gute Musik, eine besondere Atmosph\u00e4re und eine Gemeinschaft, die f\u00fcreinander einsteht. Wir sind stolz auf das, was in den vergangenen Jahren aufgebaut wurde, und wir freuen uns riesig auf alles, was 2026 noch kommen wird. Seid dabei, wenn die Alpakawiese in Krumstedt wieder zum Mittelpunkt des Universums wird.<\/p>\n\n\n\n<div style=\"height:30px\" aria-hidden=\"true\" class=\"wp-block-spacer\"><\/div>\n\n\n\n<p>Tickets sind ab sofort verf\u00fcgbar!<\/p>\n","protected":false},"excerpt":{"rendered":"<p>Am 23. Januar 2026 fand die erste Jahreshauptversammlung des Wurmloch e.V. statt. Ein besonderer Meilenstein, denn es war die erste JHV seit der Vereinsgr\u00fcndung. Und die Bilanz kann sich wirklich sehen lassen: Nach einem Jahr steht der Verein besser da und die Vorfreude auf das, was noch kommt, ist bei allen Beteiligten deutlich zu sp\u00fcren. [&hellip;]<\/p>\n","protected":false},"author":1,"featured_media":423,"comment_status":"open","ping_status":"open","sticky":false,"template":"","format":"standard","meta":{"_vp_format_video_url":"","_vp_image_focal_point":[],"footnotes":""},"categories":[1],"tags":[],"class_list":["post-420","post","type-post","status-publish","format-standard","has-post-thumbnail","hentry","category-uncategorized"],"yoast_head":"<!-- This site is optimized with the Yoast SEO plugin v27.4 - https:\/\/yoast.com\/product\/yoast-seo-wordpress\/ -->\n<title>Erste Jahreshauptversammlung: Wurmloch e.V. blickt optimistisch nach vorne - Wurmloch<\/title>\n<meta name=\"description\" content=\"Am 23. Januar 2026 fand die erste Jahreshauptversammlung des Wurmloch e.V. statt. Erfahre was es Neues zum Festival in Dithmarschen gibt!\" \/>\n<meta name=\"robots\" content=\"index, follow, max-snippet:-1, max-image-preview:large, max-video-preview:-1\" \/>\n<link rel=\"canonical\" href=\"https:\/\/wurmloch.space\/index.php\/2026\/01\/24\/wurmloch-festival-in-dithmarschen-jahreshauptversammlung\/\" \/>\n<meta property=\"og:locale\" content=\"de_DE\" \/>\n<meta property=\"og:type\" content=\"article\" \/>\n<meta property=\"og:title\" content=\"Erste Jahreshauptversammlung: Wurmloch e.V. blickt optimistisch nach vorne - Wurmloch\" \/>\n<meta property=\"og:description\" content=\"Am 23. Januar 2026 fand die erste Jahreshauptversammlung des Wurmloch e.V. statt. Erfahre was es Neues zum Festival in Dithmarschen gibt!\" \/>\n<meta property=\"og:url\" content=\"https:\/\/wurmloch.space\/index.php\/2026\/01\/24\/wurmloch-festival-in-dithmarschen-jahreshauptversammlung\/\" \/>\n<meta property=\"og:site_name\" content=\"Wurmloch\" \/>\n<meta property=\"article:published_time\" content=\"2026-01-24T09:22:16+00:00\" \/>\n<meta property=\"article:modified_time\" content=\"2026-02-25T09:22:48+00:00\" \/>\n<meta property=\"og:image\" content=\"https:\/\/wurmloch.space\/wp-content\/uploads\/2026\/02\/DSCF0014.jpg\" \/>\n\t<meta property=\"og:image:width\" content=\"2048\" \/>\n\t<meta property=\"og:image:height\" content=\"1365\" \/>\n\t<meta property=\"og:image:type\" content=\"image\/jpeg\" \/>\n<meta name=\"author\" content=\"admin\" \/>\n<meta name=\"twitter:card\" content=\"summary_large_image\" \/>\n<meta name=\"twitter:label1\" content=\"Verfasst von\" \/>\n\t<meta name=\"twitter:data1\" content=\"admin\" \/>\n\t<meta name=\"twitter:label2\" content=\"Gesch\u00e4tzte Lesezeit\" \/>\n\t<meta name=\"twitter:data2\" content=\"3\u00a0Minuten\" \/>\n<script type=\"application\/ld+json\" class=\"yoast-schema-graph\">{\"@context\":\"https:\\\/\\\/schema.org\",\"@graph\":[{\"@type\":\"Article\",\"@id\":\"https:\\\/\\\/wurmloch.space\\\/index.php\\\/2026\\\/01\\\/24\\\/wurmloch-festival-in-dithmarschen-jahreshauptversammlung\\\/#article\",\"isPartOf\":{\"@id\":\"https:\\\/\\\/wurmloch.space\\\/index.php\\\/2026\\\/01\\\/24\\\/wurmloch-festival-in-dithmarschen-jahreshauptversammlung\\\/\"},\"author\":{\"name\":\"admin\",\"@id\":\"https:\\\/\\\/wurmloch.space\\\/#\\\/schema\\\/person\\\/a9dbacc85cc2484822bdad5bbeac4e9d\"},\"headline\":\"Erste Jahreshauptversammlung: Wurmloch e.V. blickt optimistisch nach vorne\",\"datePublished\":\"2026-01-24T09:22:16+00:00\",\"dateModified\":\"2026-02-25T09:22:48+00:00\",\"mainEntityOfPage\":{\"@id\":\"https:\\\/\\\/wurmloch.space\\\/index.php\\\/2026\\\/01\\\/24\\\/wurmloch-festival-in-dithmarschen-jahreshauptversammlung\\\/\"},\"wordCount\":468,\"commentCount\":0,\"publisher\":{\"@id\":\"https:\\\/\\\/wurmloch.space\\\/#organization\"},\"image\":{\"@id\":\"https:\\\/\\\/wurmloch.space\\\/index.php\\\/2026\\\/01\\\/24\\\/wurmloch-festival-in-dithmarschen-jahreshauptversammlung\\\/#primaryimage\"},\"thumbnailUrl\":\"https:\\\/\\\/wurmloch.space\\\/wp-content\\\/uploads\\\/2026\\\/02\\\/DSCF0014.jpg\",\"articleSection\":[\"Uncategorized\"],\"inLanguage\":\"de\",\"potentialAction\":[{\"@type\":\"CommentAction\",\"name\":\"Comment\",\"target\":[\"https:\\\/\\\/wurmloch.space\\\/index.php\\\/2026\\\/01\\\/24\\\/wurmloch-festival-in-dithmarschen-jahreshauptversammlung\\\/#respond\"]}]},{\"@type\":\"WebPage\",\"@id\":\"https:\\\/\\\/wurmloch.space\\\/index.php\\\/2026\\\/01\\\/24\\\/wurmloch-festival-in-dithmarschen-jahreshauptversammlung\\\/\",\"url\":\"https:\\\/\\\/wurmloch.space\\\/index.php\\\/2026\\\/01\\\/24\\\/wurmloch-festival-in-dithmarschen-jahreshauptversammlung\\\/\",\"name\":\"Erste Jahreshauptversammlung: Wurmloch e.V. blickt optimistisch nach vorne - Wurmloch\",\"isPartOf\":{\"@id\":\"https:\\\/\\\/wurmloch.space\\\/#website\"},\"primaryImageOfPage\":{\"@id\":\"https:\\\/\\\/wurmloch.space\\\/index.php\\\/2026\\\/01\\\/24\\\/wurmloch-festival-in-dithmarschen-jahreshauptversammlung\\\/#primaryimage\"},\"image\":{\"@id\":\"https:\\\/\\\/wurmloch.space\\\/index.php\\\/2026\\\/01\\\/24\\\/wurmloch-festival-in-dithmarschen-jahreshauptversammlung\\\/#primaryimage\"},\"thumbnailUrl\":\"https:\\\/\\\/wurmloch.space\\\/wp-content\\\/uploads\\\/2026\\\/02\\\/DSCF0014.jpg\",\"datePublished\":\"2026-01-24T09:22:16+00:00\",\"dateModified\":\"2026-02-25T09:22:48+00:00\",\"description\":\"Am 23. Januar 2026 fand die erste Jahreshauptversammlung des Wurmloch e.V. statt. Erfahre was es Neues zum Festival in Dithmarschen gibt!\",\"breadcrumb\":{\"@id\":\"https:\\\/\\\/wurmloch.space\\\/index.php\\\/2026\\\/01\\\/24\\\/wurmloch-festival-in-dithmarschen-jahreshauptversammlung\\\/#breadcrumb\"},\"inLanguage\":\"de\",\"potentialAction\":[{\"@type\":\"ReadAction\",\"target\":[\"https:\\\/\\\/wurmloch.space\\\/index.php\\\/2026\\\/01\\\/24\\\/wurmloch-festival-in-dithmarschen-jahreshauptversammlung\\\/\"]}]},{\"@type\":\"ImageObject\",\"inLanguage\":\"de\",\"@id\":\"https:\\\/\\\/wurmloch.space\\\/index.php\\\/2026\\\/01\\\/24\\\/wurmloch-festival-in-dithmarschen-jahreshauptversammlung\\\/#primaryimage\",\"url\":\"https:\\\/\\\/wurmloch.space\\\/wp-content\\\/uploads\\\/2026\\\/02\\\/DSCF0014.jpg\",\"contentUrl\":\"https:\\\/\\\/wurmloch.space\\\/wp-content\\\/uploads\\\/2026\\\/02\\\/DSCF0014.jpg\",\"width\":2048,\"height\":1365,\"caption\":\"Der Vorstand vom Wurmloch e.V.\"},{\"@type\":\"BreadcrumbList\",\"@id\":\"https:\\\/\\\/wurmloch.space\\\/index.php\\\/2026\\\/01\\\/24\\\/wurmloch-festival-in-dithmarschen-jahreshauptversammlung\\\/#breadcrumb\",\"itemListElement\":[{\"@type\":\"ListItem\",\"position\":1,\"name\":\"Startseite\",\"item\":\"https:\\\/\\\/wurmloch.space\\\/\"},{\"@type\":\"ListItem\",\"position\":2,\"name\":\"Erste Jahreshauptversammlung: Wurmloch e.V. blickt optimistisch nach vorne\"}]},{\"@type\":\"WebSite\",\"@id\":\"https:\\\/\\\/wurmloch.space\\\/#website\",\"url\":\"https:\\\/\\\/wurmloch.space\\\/\",\"name\":\"Wurmloch Festival\",\"description\":\"\",\"publisher\":{\"@id\":\"https:\\\/\\\/wurmloch.space\\\/#organization\"},\"alternateName\":\"Wurmloch Festival in Dithmarschen\",\"potentialAction\":[{\"@type\":\"SearchAction\",\"target\":{\"@type\":\"EntryPoint\",\"urlTemplate\":\"https:\\\/\\\/wurmloch.space\\\/?s={search_term_string}\"},\"query-input\":{\"@type\":\"PropertyValueSpecification\",\"valueRequired\":true,\"valueName\":\"search_term_string\"}}],\"inLanguage\":\"de\"},{\"@type\":\"Organization\",\"@id\":\"https:\\\/\\\/wurmloch.space\\\/#organization\",\"name\":\"Wurmloch Festival\",\"url\":\"https:\\\/\\\/wurmloch.space\\\/\",\"logo\":{\"@type\":\"ImageObject\",\"inLanguage\":\"de\",\"@id\":\"https:\\\/\\\/wurmloch.space\\\/#\\\/schema\\\/logo\\\/image\\\/\",\"url\":\"https:\\\/\\\/wurmloch.space\\\/wp-content\\\/uploads\\\/2025\\\/12\\\/Wurmloch-Logo-glatte-Konturen-rgb.png\",\"contentUrl\":\"https:\\\/\\\/wurmloch.space\\\/wp-content\\\/uploads\\\/2025\\\/12\\\/Wurmloch-Logo-glatte-Konturen-rgb.png\",\"width\":1910,\"height\":474,\"caption\":\"Wurmloch Festival\"},\"image\":{\"@id\":\"https:\\\/\\\/wurmloch.space\\\/#\\\/schema\\\/logo\\\/image\\\/\"},\"sameAs\":[\"https:\\\/\\\/www.instagram.com\\\/wurmlochfestival\\\/\"]},{\"@type\":\"Person\",\"@id\":\"https:\\\/\\\/wurmloch.space\\\/#\\\/schema\\\/person\\\/a9dbacc85cc2484822bdad5bbeac4e9d\",\"name\":\"admin\",\"image\":{\"@type\":\"ImageObject\",\"inLanguage\":\"de\",\"@id\":\"https:\\\/\\\/secure.gravatar.com\\\/avatar\\\/964c38e9ef927fec53e2eb334cce12590858f981a1f66cdc00c13237b2828eb7?s=96&d=mm&r=g\",\"url\":\"https:\\\/\\\/secure.gravatar.com\\\/avatar\\\/964c38e9ef927fec53e2eb334cce12590858f981a1f66cdc00c13237b2828eb7?s=96&d=mm&r=g\",\"contentUrl\":\"https:\\\/\\\/secure.gravatar.com\\\/avatar\\\/964c38e9ef927fec53e2eb334cce12590858f981a1f66cdc00c13237b2828eb7?s=96&d=mm&r=g\",\"caption\":\"admin\"},\"sameAs\":[\"https:\\\/\\\/wurmloch.space\"],\"url\":\"https:\\\/\\\/wurmloch.space\\\/index.php\\\/author\\\/admin\\\/\"}]}<\/script>\n<!-- \/ Yoast SEO plugin. -->","yoast_head_json":{"title":"Erste Jahreshauptversammlung: Wurmloch e.V. blickt optimistisch nach vorne - Wurmloch","description":"Am 23. Januar 2026 fand die erste Jahreshauptversammlung des Wurmloch e.V. statt. Erfahre was es Neues zum Festival in Dithmarschen gibt!","robots":{"index":"index","follow":"follow","max-snippet":"max-snippet:-1","max-image-preview":"max-image-preview:large","max-video-preview":"max-video-preview:-1"},"canonical":"https:\/\/wurmloch.space\/index.php\/2026\/01\/24\/wurmloch-festival-in-dithmarschen-jahreshauptversammlung\/","og_locale":"de_DE","og_type":"article","og_title":"Erste Jahreshauptversammlung: Wurmloch e.V. blickt optimistisch nach vorne - Wurmloch","og_description":"Am 23. Januar 2026 fand die erste Jahreshauptversammlung des Wurmloch e.V. statt. Erfahre was es Neues zum Festival in Dithmarschen gibt!","og_url":"https:\/\/wurmloch.space\/index.php\/2026\/01\/24\/wurmloch-festival-in-dithmarschen-jahreshauptversammlung\/","og_site_name":"Wurmloch","article_published_time":"2026-01-24T09:22:16+00:00","article_modified_time":"2026-02-25T09:22:48+00:00","og_image":[{"width":2048,"height":1365,"url":"https:\/\/wurmloch.space\/wp-content\/uploads\/2026\/02\/DSCF0014.jpg","type":"image\/jpeg"}],"author":"admin","twitter_card":"summary_large_image","twitter_misc":{"Verfasst von":"admin","Gesch\u00e4tzte Lesezeit":"3\u00a0Minuten"},"schema":{"@context":"https:\/\/schema.org","@graph":[{"@type":"Article","@id":"https:\/\/wurmloch.space\/index.php\/2026\/01\/24\/wurmloch-festival-in-dithmarschen-jahreshauptversammlung\/#article","isPartOf":{"@id":"https:\/\/wurmloch.space\/index.php\/2026\/01\/24\/wurmloch-festival-in-dithmarschen-jahreshauptversammlung\/"},"author":{"name":"admin","@id":"https:\/\/wurmloch.space\/#\/schema\/person\/a9dbacc85cc2484822bdad5bbeac4e9d"},"headline":"Erste Jahreshauptversammlung: Wurmloch e.V. blickt optimistisch nach vorne","datePublished":"2026-01-24T09:22:16+00:00","dateModified":"2026-02-25T09:22:48+00:00","mainEntityOfPage":{"@id":"https:\/\/wurmloch.space\/index.php\/2026\/01\/24\/wurmloch-festival-in-dithmarschen-jahreshauptversammlung\/"},"wordCount":468,"commentCount":0,"publisher":{"@id":"https:\/\/wurmloch.space\/#organization"},"image":{"@id":"https:\/\/wurmloch.space\/index.php\/2026\/01\/24\/wurmloch-festival-in-dithmarschen-jahreshauptversammlung\/#primaryimage"},"thumbnailUrl":"https:\/\/wurmloch.space\/wp-content\/uploads\/2026\/02\/DSCF0014.jpg","articleSection":["Uncategorized"],"inLanguage":"de","potentialAction":[{"@type":"CommentAction","name":"Comment","target":["https:\/\/wurmloch.space\/index.php\/2026\/01\/24\/wurmloch-festival-in-dithmarschen-jahreshauptversammlung\/#respond"]}]},{"@type":"WebPage","@id":"https:\/\/wurmloch.space\/index.php\/2026\/01\/24\/wurmloch-festival-in-dithmarschen-jahreshauptversammlung\/","url":"https:\/\/wurmloch.space\/index.php\/2026\/01\/24\/wurmloch-festival-in-dithmarschen-jahreshauptversammlung\/","name":"Erste Jahreshauptversammlung: Wurmloch e.V. blickt optimistisch nach vorne - Wurmloch","isPartOf":{"@id":"https:\/\/wurmloch.space\/#website"},"primaryImageOfPage":{"@id":"https:\/\/wurmloch.space\/index.php\/2026\/01\/24\/wurmloch-festival-in-dithmarschen-jahreshauptversammlung\/#primaryimage"},"image":{"@id":"https:\/\/wurmloch.space\/index.php\/2026\/01\/24\/wurmloch-festival-in-dithmarschen-jahreshauptversammlung\/#primaryimage"},"thumbnailUrl":"https:\/\/wurmloch.space\/wp-content\/uploads\/2026\/02\/DSCF0014.jpg","datePublished":"2026-01-24T09:22:16+00:00","dateModified":"2026-02-25T09:22:48+00:00","description":"Am 23. Januar 2026 fand die erste Jahreshauptversammlung des Wurmloch e.V. statt. Erfahre was es Neues zum Festival in Dithmarschen gibt!","breadcrumb":{"@id":"https:\/\/wurmloch.space\/index.php\/2026\/01\/24\/wurmloch-festival-in-dithmarschen-jahreshauptversammlung\/#breadcrumb"},"inLanguage":"de","potentialAction":[{"@type":"ReadAction","target":["https:\/\/wurmloch.space\/index.php\/2026\/01\/24\/wurmloch-festival-in-dithmarschen-jahreshauptversammlung\/"]}]},{"@type":"ImageObject","inLanguage":"de","@id":"https:\/\/wurmloch.space\/index.php\/2026\/01\/24\/wurmloch-festival-in-dithmarschen-jahreshauptversammlung\/#primaryimage","url":"https:\/\/wurmloch.space\/wp-content\/uploads\/2026\/02\/DSCF0014.jpg","contentUrl":"https:\/\/wurmloch.space\/wp-content\/uploads\/2026\/02\/DSCF0014.jpg","width":2048,"height":1365,"caption":"Der Vorstand vom Wurmloch e.V."},{"@type":"BreadcrumbList","@id":"https:\/\/wurmloch.space\/index.php\/2026\/01\/24\/wurmloch-festival-in-dithmarschen-jahreshauptversammlung\/#breadcrumb","itemListElement":[{"@type":"ListItem","position":1,"name":"Startseite","item":"https:\/\/wurmloch.space\/"},{"@type":"ListItem","position":2,"name":"Erste Jahreshauptversammlung: Wurmloch e.V. blickt optimistisch nach vorne"}]},{"@type":"WebSite","@id":"https:\/\/wurmloch.space\/#website","url":"https:\/\/wurmloch.space\/","name":"Wurmloch Festival","description":"","publisher":{"@id":"https:\/\/wurmloch.space\/#organization"},"alternateName":"Wurmloch Festival in Dithmarschen","potentialAction":[{"@type":"SearchAction","target":{"@type":"EntryPoint","urlTemplate":"https:\/\/wurmloch.space\/?s={search_term_string}"},"query-input":{"@type":"PropertyValueSpecification","valueRequired":true,"valueName":"search_term_string"}}],"inLanguage":"de"},{"@type":"Organization","@id":"https:\/\/wurmloch.space\/#organization","name":"Wurmloch Festival","url":"https:\/\/wurmloch.space\/","logo":{"@type":"ImageObject","inLanguage":"de","@id":"https:\/\/wurmloch.space\/#\/schema\/logo\/image\/","url":"https:\/\/wurmloch.space\/wp-content\/uploads\/2025\/12\/Wurmloch-Logo-glatte-Konturen-rgb.png","contentUrl":"https:\/\/wurmloch.space\/wp-content\/uploads\/2025\/12\/Wurmloch-Logo-glatte-Konturen-rgb.png","width":1910,"height":474,"caption":"Wurmloch Festival"},"image":{"@id":"https:\/\/wurmloch.space\/#\/schema\/logo\/image\/"},"sameAs":["https:\/\/www.instagram.com\/wurmlochfestival\/"]},{"@type":"Person","@id":"https:\/\/wurmloch.space\/#\/schema\/person\/a9dbacc85cc2484822bdad5bbeac4e9d","name":"admin","image":{"@type":"ImageObject","inLanguage":"de","@id":"https:\/\/secure.gravatar.com\/avatar\/964c38e9ef927fec53e2eb334cce12590858f981a1f66cdc00c13237b2828eb7?s=96&d=mm&r=g","url":"https:\/\/secure.gravatar.com\/avatar\/964c38e9ef927fec53e2eb334cce12590858f981a1f66cdc00c13237b2828eb7?s=96&d=mm&r=g","contentUrl":"https:\/\/secure.gravatar.com\/avatar\/964c38e9ef927fec53e2eb334cce12590858f981a1f66cdc00c13237b2828eb7?s=96&d=mm&r=g","caption":"admin"},"sameAs":["https:\/\/wurmloch.space"],"url":"https:\/\/wurmloch.space\/index.php\/author\/admin\/"}]}},"rttpg_featured_image_url":{"full":["https:\/\/wurmloch.space\/wp-content\/uploads\/2026\/02\/DSCF0014.jpg",2048,1365,false],"landscape":["https:\/\/wurmloch.space\/wp-content\/uploads\/2026\/02\/DSCF0014.jpg",2048,1365,false],"portraits":["https:\/\/wurmloch.space\/wp-content\/uploads\/2026\/02\/DSCF0014.jpg",2048,1365,false],"thumbnail":["https:\/\/wurmloch.space\/wp-content\/uploads\/2026\/02\/DSCF0014-150x150.jpg",150,150,true],"medium":["https:\/\/wurmloch.space\/wp-content\/uploads\/2026\/02\/DSCF0014-300x200.jpg",300,200,true],"large":["https:\/\/wurmloch.space\/wp-content\/uploads\/2026\/02\/DSCF0014-1024x683.jpg",1024,683,true],"1536x1536":["https:\/\/wurmloch.space\/wp-content\/uploads\/2026\/02\/DSCF0014-1536x1024.jpg",1536,1024,true],"2048x2048":["https:\/\/wurmloch.space\/wp-content\/uploads\/2026\/02\/DSCF0014.jpg",2048,1365,false],"vp_sm":["https:\/\/wurmloch.space\/wp-content\/uploads\/2026\/02\/DSCF0014-500x333.jpg",500,333,true],"vp_md":["https:\/\/wurmloch.space\/wp-content\/uploads\/2026\/02\/DSCF0014-800x533.jpg",800,533,true],"vp_lg":["https:\/\/wurmloch.space\/wp-content\/uploads\/2026\/02\/DSCF0014-1280x853.jpg",1280,853,true],"vp_xl":["https:\/\/wurmloch.space\/wp-content\/uploads\/2026\/02\/DSCF0014-1920x1280.jpg",1920,1280,true],"vp_sm_popup":["https:\/\/wurmloch.space\/wp-content\/uploads\/2026\/02\/DSCF0014-500x333.jpg",500,333,true],"vp_md_popup":["https:\/\/wurmloch.space\/wp-content\/uploads\/2026\/02\/DSCF0014-800x533.jpg",800,533,true],"vp_xl_popup":["https:\/\/wurmloch.space\/wp-content\/uploads\/2026\/02\/DSCF0014-1920x1280.jpg",1920,1280,true]},"rttpg_author":{"display_name":"admin","author_link":"https:\/\/wurmloch.space\/index.php\/author\/admin\/"},"rttpg_comment":0,"rttpg_category":"<a href=\"https:\/\/wurmloch.space\/index.php\/category\/uncategorized\/\" rel=\"category tag\">Uncategorized<\/a>","rttpg_excerpt":"Am 23. Januar 2026 fand die erste Jahreshauptversammlung des Wurmloch e.V. statt. Ein besonderer Meilenstein, denn es war die erste JHV seit der Vereinsgr\u00fcndung. Und die Bilanz kann sich wirklich sehen lassen: Nach einem Jahr steht der Verein besser da und die Vorfreude auf das, was noch kommt, ist bei allen Beteiligten deutlich zu sp\u00fcren.&hellip;","_links":{"self":[{"href":"https:\/\/wurmloch.space\/index.php\/wp-json\/wp\/v2\/posts\/420","targetHints":{"allow":["GET"]}}],"collection":[{"href":"https:\/\/wurmloch.space\/index.php\/wp-json\/wp\/v2\/posts"}],"about":[{"href":"https:\/\/wurmloch.space\/index.php\/wp-json\/wp\/v2\/types\/post"}],"author":[{"embeddable":true,"href":"https:\/\/wurmloch.space\/index.php\/wp-json\/wp\/v2\/users\/1"}],"replies":[{"embeddable":true,"href":"https:\/\/wurmloch.space\/index.php\/wp-json\/wp\/v2\/comments?post=420"}],"version-history":[{"count":3,"href":"https:\/\/wurmloch.space\/index.php\/wp-json\/wp\/v2\/posts\/420\/revisions"}],"predecessor-version":[{"id":427,"href":"https:\/\/wurmloch.space\/index.php\/wp-json\/wp\/v2\/posts\/420\/revisions\/427"}],"wp:featuredmedia":[{"embeddable":true,"href":"https:\/\/wurmloch.space\/index.php\/wp-json\/wp\/v2\/media\/423"}],"wp:attachment":[{"href":"https:\/\/wurmloch.space\/index.php\/wp-json\/wp\/v2\/media?parent=420"}],"wp:term":[{"taxonomy":"category","embeddable":true,"href":"https:\/\/wurmloch.space\/index.php\/wp-json\/wp\/v2\/categories?post=420"},{"taxonomy":"post_tag","embeddable":true,"href":"https:\/\/wurmloch.space\/index.php\/wp-json\/wp\/v2\/tags?post=420"}],"curies":[{"name":"wp","href":"https:\/\/api.w.org\/{rel}","templated":true}]}}